{"id":643,"date":"2025-07-26T20:32:00","date_gmt":"2025-07-26T20:32:00","guid":{"rendered":"https:\/\/definetz.eu\/?p=643"},"modified":"2026-03-12T20:52:02","modified_gmt":"2026-03-12T20:52:02","slug":"aktionstag-setzt-zeichen-fuer-wiederbelebung-und-praevention","status":"publish","type":"post","link":"https:\/\/definetz.eu\/en\/aktionstag-setzt-zeichen-fuer-wiederbelebung-und-praevention\/","title":{"rendered":"Day of action sets an example for resuscitation and prevention"},"content":{"rendered":"<figure class=\"wp-block-image size-full ext-animate--on\"><img loading=\"lazy\" decoding=\"async\" width=\"1024\" height=\"576\" src=\"https:\/\/definetz.eu\/wp-content\/uploads\/2026\/03\/image-2-1024x576-1.png\" alt=\"\" class=\"wp-image-644\"\/><figcaption class=\"wp-element-caption\">Several hundred visitors learnt about resuscitation under expert guidance in Crivitz on Saturday. The highlight of the day was the presentation of the cheque by State Secretary Grimm.<\/figcaption><\/figure>\n\n\n\n<p class=\"ext-animate--on\"><strong>Crivitz, 19 July 2025<\/strong> - Under the motto <em>\u201eCrivitz has heart\u201c<\/em> a large-scale day of action to promote lay resuscitation and strengthen emergency care in the town of Crivitz took place on Saturday. In close co-operation with the Crivitz volunteer fire brigade, the NOFiAS e.V. association and with the active support of <strong>Definetz e.V.<\/strong>, A varied programme was put together that not only provided information, but also actively encouraged participation.<\/p>\n\n\n\n<p class=\"ext-animate--on\">The central element of the day was the ceremonial <strong>Inauguration of ten publicly accessible defibrillators (AEDs)<\/strong>, which will be available around the clock at central locations such as the market square, the regional school, the sports ground and other meeting points. Crivitz is thus sending out a strong signal: The town wants to <em>heart-safe<\/em> and is playing a pioneering role nationwide.<\/p>\n\n\n\n<p class=\"ext-animate--on\"><strong>Political support and promotion<\/strong><\/p>\n\n\n\n<p class=\"ext-animate--on\">Recognition also came from state politics: <strong>State Secretary Sylvia Grimm<\/strong> from the Ministry of Social Affairs, Health and Sport, presented an award during the event. <strong>Grant notification in the amount of around 12,000 euros<\/strong>, which is intended to further strengthen the local emergency infrastructure. Grimm emphasised the social importance of first aid:<br><em>\u201eEvery attempt at resuscitation can save lives. Knowledge and skills must be widely anchored in the population.\u201c<\/em><\/p>\n\n\n\n<p class=\"ext-animate--on\"><strong>Definetz e.V. as a partner for structure and visibility<\/strong><\/p>\n\n\n\n<p class=\"ext-animate--on\">The association <strong>Definetz e.V.<\/strong>, Definetz, known throughout Germany for its work in the field of defibrillator availability networks and emergency location mapping, accompanied the event in an advisory capacity. Definetz supported the expansion of the network in Mecklenburg-Vorpommern with its expertise in the selection of locations, labelling and digital recording of AEDs. The aim is to make the devices quickly locatable for first responders and emergency services via existing mapping and emergency call systems.<\/p>\n\n\n\n<p class=\"ext-animate--on\"><strong>Knowledge saves lives: Citizens actively involved<\/strong><\/p>\n\n\n\n<p class=\"ext-animate--on\">In addition to the technology, the focus was primarily on people: numerous citizens took part in <strong>free training courses on cardiopulmonary resuscitation<\/strong> took part. Rescue workers and volunteers demonstrated life-saving measures on training dummies and explained the use of defibrillators. The training sessions were aimed at adults, young people and children - because saving lives starts early.<\/p>\n\n\n\n<p class=\"ext-animate--on\"><strong>Civic engagement meets prevention<\/strong><\/p>\n\n\n\n<p class=\"ext-animate--on\">The initiative has already ensured in advance that defibrillators are not only installed, but also <strong>made visible and anchored in everyday life<\/strong> become. The NOFiAS e.V. association, which has strong roots in Crivitz and the surrounding area, is continuing its mission with this day of action: \u201eCome on, let's save the world! And a few lives too.\u201c<\/p>\n\n\n\n<figure class=\"wp-block-image size-full ext-animate--on\"><img loading=\"lazy\" decoding=\"async\" width=\"1024\" height=\"576\" src=\"https:\/\/definetz.eu\/wp-content\/uploads\/2025\/07\/20250719_111556-1024x576-1.jpg\" alt=\"Mehrere hundert Besucher erlernten am Samstag in Crivitz die Reanimation unter fachkundiger Anleitung.\" class=\"wp-image-653\"\/><figcaption class=\"wp-element-caption\">Several hundred visitors learnt resuscitation skills under expert guidance in Crivitz on Saturday.<\/figcaption><\/figure>\n\n\n\n<figure class=\"wp-block-image size-full ext-animate--on\"><img loading=\"lazy\" decoding=\"async\" width=\"1024\" height=\"576\" src=\"https:\/\/definetz.eu\/wp-content\/uploads\/2025\/07\/20250719_091649-1024x576-1.jpg\" alt=\"Organisator Frederic Schlichting weist die Helfer ein\" class=\"wp-image-652\"\/><figcaption class=\"wp-element-caption\">Organiser Frederic Schlichting instructs the helpers.<\/figcaption><\/figure>\n\n\n\n<p class=\"ext-animate--on\"><strong>Conclusion.<\/strong> The event in Crivitz is an impressive demonstration of how municipal commitment, political will and professional support - from organisations such as <strong>Definetz e.V.<\/strong> - can be interlinked to enable concrete lifesaving on site. With the expansion of the AED network and the active involvement of the local population, Crivitz is well on the way to becoming a model location for cardiac safety in Mecklenburg-Vorpommern.<\/p>","protected":false},"excerpt":{"rendered":"<p>Crivitz, 19. Juli 2025 \u2013 Unter dem Motto \u201eCrivitz hat Herz\u201c fand am Sonnabend ein gro\u00df angelegter Aktionstag zur F\u00f6rderung der Laienreanimation und zur St\u00e4rkung der Notfallversorgung in der Stadt Crivitz statt. In enger Zusammenarbeit mit der Freiwilligen Feuerwehr Crivitz, dem Verein NOFiAS e.V. und mit tatkr\u00e4ftiger Unterst\u00fctzung von Definetz e.V., wurde ein vielf\u00e4ltiges Programm [&hellip;]<\/p>\n","protected":false},"author":1,"featured_media":645,"comment_status":"closed","ping_status":"open","sticky":false,"template":"","format":"standard","meta":{"_jetpack_memberships_contains_paid_content":false,"footnotes":""},"categories":[3],"tags":[],"class_list":["post-643","post","type-post","status-publish","format-standard","has-post-thumbnail","hentry","category-nachrichten"],"jetpack_featured_media_url":"https:\/\/definetz.eu\/wp-content\/uploads\/2026\/03\/20250719_111337-scaled-1.jpg","jetpack_sharing_enabled":true,"_links":{"self":[{"href":"https:\/\/definetz.eu\/en\/wp-json\/wp\/v2\/posts\/643","targetHints":{"allow":["GET"]}}],"collection":[{"href":"https:\/\/definetz.eu\/en\/wp-json\/wp\/v2\/posts"}],"about":[{"href":"https:\/\/definetz.eu\/en\/wp-json\/wp\/v2\/types\/post"}],"author":[{"embeddable":true,"href":"https:\/\/definetz.eu\/en\/wp-json\/wp\/v2\/users\/1"}],"replies":[{"embeddable":true,"href":"https:\/\/definetz.eu\/en\/wp-json\/wp\/v2\/comments?post=643"}],"version-history":[{"count":13,"href":"https:\/\/definetz.eu\/en\/wp-json\/wp\/v2\/posts\/643\/revisions"}],"predecessor-version":[{"id":660,"href":"https:\/\/definetz.eu\/en\/wp-json\/wp\/v2\/posts\/643\/revisions\/660"}],"wp:featuredmedia":[{"embeddable":true,"href":"https:\/\/definetz.eu\/en\/wp-json\/wp\/v2\/media\/645"}],"wp:attachment":[{"href":"https:\/\/definetz.eu\/en\/wp-json\/wp\/v2\/media?parent=643"}],"wp:term":[{"taxonomy":"category","embeddable":true,"href":"https:\/\/definetz.eu\/en\/wp-json\/wp\/v2\/categories?post=643"},{"taxonomy":"post_tag","embeddable":true,"href":"https:\/\/definetz.eu\/en\/wp-json\/wp\/v2\/tags?post=643"}],"curies":[{"name":"wp","href":"https:\/\/api.w.org\/{rel}","templated":true}]}}